{"id":718,"date":"2026-04-28T06:00:08","date_gmt":"2026-04-28T06:00:08","guid":{"rendered":"https:\/\/galerii.kirmus.ee\/elulood\/?p=718"},"modified":"2026-04-28T06:03:18","modified_gmt":"2026-04-28T06:03:18","slug":"7-mail-toimub-eesti-kirjandusmuuseumis-konverents-%f0%9d%90%8d%f0%9d%90%9a%f0%9d%90%a2%f0%9d%90%ac%f0%9d%90%9e%f0%9d%90%9d-%f0%9d%90%9e%f0%9d%90%a5%f0%9d%90%ae%f0%9d%90%a5%f0%9d%90%a8","status":"publish","type":"post","link":"https:\/\/galerii.kirmus.ee\/elulood\/2026\/04\/28\/7-mail-toimub-eesti-kirjandusmuuseumis-konverents-%f0%9d%90%8d%f0%9d%90%9a%f0%9d%90%a2%f0%9d%90%ac%f0%9d%90%9e%f0%9d%90%9d-%f0%9d%90%9e%f0%9d%90%a5%f0%9d%90%ae%f0%9d%90%a5%f0%9d%90%a8\/","title":{"rendered":"7. mail toimub Eesti Kirjandusmuuseumis konverents \u201e\ud835\udc0d\ud835\udc1a\ud835\udc22\ud835\udc2c\ud835\udc1e\ud835\udc1d \ud835\udc1e\ud835\udc25\ud835\udc2e\ud835\udc25\ud835\udc28\ud835\udc28\ud835\udc24\ud835\udc22\ud835\udc2b\ud835\udc23\ud835\udc2e\ud835\udc2d\ud835\udc2e\ud835\udc2c\ud835\udc1e \ud835\udc23\ud835\udc1a \ud835\udc24\ud835\udc22\ud835\udc2b\ud835\udc23\ud835\udc1a\ud835\udc27\ud835\udc1d\ud835\udc2e\ud835\udc2c\ud835\udc1e \ud835\udc29\ud835\udc1e\ud835\udc1e\ud835\udc20\ud835\udc25\ud835\udc22\ud835\udc2c\u201c"},"content":{"rendered":"\n<p>7. mail toimub Eesti Kirjandusmuuseumis konverents \u201e\ud835\udc0d\ud835\udc1a\ud835\udc22\ud835\udc2c\ud835\udc1e\ud835\udc1d \ud835\udc1e\ud835\udc25\ud835\udc2e\ud835\udc25\ud835\udc28\ud835\udc28\ud835\udc24\ud835\udc22\ud835\udc2b\ud835\udc23\ud835\udc2e\ud835\udc2d\ud835\udc2e\ud835\udc2c\ud835\udc1e \ud835\udc23\ud835\udc1a \ud835\udc24\ud835\udc22\ud835\udc2b\ud835\udc23\ud835\udc1a\ud835\udc27\ud835\udc1d\ud835\udc2e\ud835\udc2c\ud835\udc1e \ud835\udc29\ud835\udc1e\ud835\udc1e\ud835\udc20\ud835\udc25\ud835\udc22\ud835\udc2c\u201c, mis on p\u00fchendatud kirjandusteadlase Rutt Hinrikuse 80. s\u00fcnniaastap\u00e4evale ja \u00dchenduse Eesti Elulood 30. tegevusaasta t\u00e4itumisele.<\/p>\n\n\n\n<p>\ud835\udc0a\ud835\udc00\ud835\udc15\ud835\udc00:<\/p>\n\n\n\n<p>Lillede asetamine Rutt Hinrikuse kalmule. Kokkusaamine kell 9.15 Pauluse kalmistu tagumise v\u00e4rava juures<\/p>\n\n\n\n<p>10.00-10.10 Avas\u00f5nad (T\u00f5nno Jonuks, Kristi Metste)<\/p>\n\n\n\n<p>10.10-10.40 Sirje Olesk, Rutt Hinrikuse elut\u00f6\u00f6st EKLA-s. Kirjanduslooline osa<\/p>\n\n\n\n<p>10.40-11.10 Tiiu Jaago, Naine suguv\u00f5sa-ajaloos<\/p>\n\n\n\n<p>11.10-11.40 Carolin Kraj\u0148\u00e1k, 1944. aastal l\u00e4\u00e4nde p\u00f5genenud naispianistide saatusest Hilja Saarne ja Valentine Riivese n\u00e4itel<\/p>\n\n\n\n<p>11.40-13.00 L\u00f5una<\/p>\n\n\n\n<p>13.00-13.30 Aigi Rahi-Tamm, \u201eElulood on kui aja h\u00e4\u00e4led ja teated tuleviku jaoks.\u201c 2004. aasta eluloov\u00f5istluse \u201eS\u00f5ja m\u00f5jud minu ja minu pere elus\u201c j\u00e4rellainetes<\/p>\n\n\n\n<p>13.30-14.00 Tiina Kirss, \u201eSee, kes m\u00e4letab, j\u00e4\u00e4b ellu.\u201c Naiste elu, looming ja m\u00e4lestused Rutt Hinrikuse teadust\u00f6\u00f6s<\/p>\n\n\n\n<p>14.00-14.30 Marilyn M\u00e4gi, Laulatusest lahutuseni. Lahkuminekunarratiivid Eesti naiste elulugudes N\u00f5ukogude perioodil<\/p>\n\n\n\n<p>14.30-14.45 Sirutuspaus<\/p>\n\n\n\n<p>14.45-15.15 Mirjam Hinrikus, Naine nii ohvri kui v\u00e4givallatsejana. Tammsaare \u201eK\u00f5rboja peremees\u201c 1922<\/p>\n\n\n\n<p>15.15-15.45 Marianne Lind, Emadus ja katkestus t\u00e4nap\u00e4eva kirjanduses<\/p>\n\n\n\n<p>15.45-16.15 Johanna Ross, Berta Kuusberg ja vabav\u00e4rsipoleemika<\/p>\n\n\n\n<p>16.15-16.45 Rutt Hinrikuse fondi stipendiaatide v\u00e4ljakuulutamine<\/p>\n\n\n\n<p>19.00\u201320.00 kontsert Tartu Jaani kirikus: saksofonil Uku Gross, orelil Kristel Aer (<a href=\"http:\/\/saksofoonia.ee\/\">http:\/\/saksofoonia.ee\/<\/a>)<\/p>\n\n\n\n<figure class=\"wp-block-image size-large\"><img fetchpriority=\"high\" decoding=\"async\" width=\"1024\" height=\"536\" src=\"https:\/\/galerii.kirmus.ee\/elulood\/wp-content\/uploads\/2026\/04\/680996623_1457646092832566_1873799717334819466_n-1024x536.jpg\" alt=\"\" class=\"wp-image-719\" srcset=\"https:\/\/galerii.kirmus.ee\/elulood\/wp-content\/uploads\/2026\/04\/680996623_1457646092832566_1873799717334819466_n-1024x536.jpg 1024w, https:\/\/galerii.kirmus.ee\/elulood\/wp-content\/uploads\/2026\/04\/680996623_1457646092832566_1873799717334819466_n-300x157.jpg 300w, https:\/\/galerii.kirmus.ee\/elulood\/wp-content\/uploads\/2026\/04\/680996623_1457646092832566_1873799717334819466_n-768x402.jpg 768w, https:\/\/galerii.kirmus.ee\/elulood\/wp-content\/uploads\/2026\/04\/680996623_1457646092832566_1873799717334819466_n-1536x804.jpg 1536w, https:\/\/galerii.kirmus.ee\/elulood\/wp-content\/uploads\/2026\/04\/680996623_1457646092832566_1873799717334819466_n.jpg 1920w\" sizes=\"(max-width: 1024px) 100vw, 1024px\" \/><\/figure>\n","protected":false},"excerpt":{"rendered":"<p>7. mail toimub Eesti Kirjandusmuuseumis konverents \u201e\ud835\udc0d\ud835\udc1a\ud835\udc22\ud835\udc2c\ud835\udc1e\ud835\udc1d \ud835\udc1e\ud835\udc25\ud835\udc2e\ud835\udc25\ud835\udc28\ud835\udc28\ud835\udc24\ud835\udc22\ud835\udc2b\ud835\udc23\ud835\udc2e\ud835\udc2d\ud835\udc2e\ud835\udc2c\ud835\udc1e \ud835\udc23\ud835\udc1a \ud835\udc24\ud835\udc22\ud835\udc2b\ud835\udc23\ud835\udc1a\ud835\udc27\ud835\udc1d\ud835\udc2e\ud835\udc2c\ud835\udc1e \ud835\udc29\ud835\udc1e\ud835\udc1e\ud835\udc20\ud835\udc25\ud835\udc22\ud835\udc2c\u201c, mis on p\u00fchendatud kirjandusteadlase Rutt Hinrikuse 80. s\u00fcnniaastap\u00e4evale ja \u00dchenduse Eesti Elulood 30. tegevusaasta t\u00e4itumisele. \ud835\udc0a\ud835\udc00\ud835\udc15\ud835\udc00: Lillede asetamine Rutt Hinrikuse kalmule. Kokkusaamine kell 9.15 Pauluse kalmistu tagumise v\u00e4rava juures 10.00-10.10 Avas\u00f5nad (T\u00f5nno Jonuks, Kristi Metste) 10.10-10.40 Sirje Olesk, Rutt Hinrikuse elut\u00f6\u00f6st EKLA-s. Kirjanduslooline osa [&hellip;]<\/p>\n","protected":false},"author":9,"featured_media":0,"comment_status":"open","ping_status":"open","sticky":false,"template":"","format":"standard","meta":{"footnotes":""},"categories":[4],"tags":[],"class_list":["post-718","post","type-post","status-publish","format-standard","hentry","category-paevakorras"],"yoast_head":"<!-- This site is optimized with the Yoast SEO plugin v14.2 - https:\/\/yoast.com\/wordpress\/plugins\/seo\/ -->\n<meta name=\"robots\" content=\"index, follow\" \/>\n<meta name=\"googlebot\" content=\"index, follow, max-snippet:-1, max-image-preview:large, max-video-preview:-1\" \/>\n<meta name=\"bingbot\" content=\"index, follow, max-snippet:-1, max-image-preview:large, max-video-preview:-1\" \/>\n<link rel=\"canonical\" href=\"https:\/\/galerii.kirmus.ee\/elulood\/2026\/04\/28\/7-mail-toimub-eesti-kirjandusmuuseumis-konverents-\ud835\udc0d\ud835\udc1a\ud835\udc22\ud835\udc2c\ud835\udc1e\ud835\udc1d-\ud835\udc1e\ud835\udc25\ud835\udc2e\ud835\udc25\ud835\udc28\/\" \/>\n<meta property=\"og:locale\" content=\"en_US\" \/>\n<meta property=\"og:type\" content=\"article\" \/>\n<meta property=\"og:title\" content=\"7. mail toimub Eesti Kirjandusmuuseumis konverents \u201e\ud835\udc0d\ud835\udc1a\ud835\udc22\ud835\udc2c\ud835\udc1e\ud835\udc1d \ud835\udc1e\ud835\udc25\ud835\udc2e\ud835\udc25\ud835\udc28\ud835\udc28\ud835\udc24\ud835\udc22\ud835\udc2b\ud835\udc23\ud835\udc2e\ud835\udc2d\ud835\udc2e\ud835\udc2c\ud835\udc1e \ud835\udc23\ud835\udc1a \ud835\udc24\ud835\udc22\ud835\udc2b\ud835\udc23\ud835\udc1a\ud835\udc27\ud835\udc1d\ud835\udc2e\ud835\udc2c\ud835\udc1e \ud835\udc29\ud835\udc1e\ud835\udc1e\ud835\udc20\ud835\udc25\ud835\udc22\ud835\udc2c\u201c &ndash; \u00dchendus Eesti Elulood\" \/>\n<meta property=\"og:description\" content=\"7. mail toimub Eesti Kirjandusmuuseumis konverents \u201e\ud835\udc0d\ud835\udc1a\ud835\udc22\ud835\udc2c\ud835\udc1e\ud835\udc1d \ud835\udc1e\ud835\udc25\ud835\udc2e\ud835\udc25\ud835\udc28\ud835\udc28\ud835\udc24\ud835\udc22\ud835\udc2b\ud835\udc23\ud835\udc2e\ud835\udc2d\ud835\udc2e\ud835\udc2c\ud835\udc1e \ud835\udc23\ud835\udc1a \ud835\udc24\ud835\udc22\ud835\udc2b\ud835\udc23\ud835\udc1a\ud835\udc27\ud835\udc1d\ud835\udc2e\ud835\udc2c\ud835\udc1e \ud835\udc29\ud835\udc1e\ud835\udc1e\ud835\udc20\ud835\udc25\ud835\udc22\ud835\udc2c\u201c, mis on p\u00fchendatud kirjandusteadlase Rutt Hinrikuse 80. s\u00fcnniaastap\u00e4evale ja \u00dchenduse Eesti Elulood 30. tegevusaasta t\u00e4itumisele. \ud835\udc0a\ud835\udc00\ud835\udc15\ud835\udc00: Lillede asetamine Rutt Hinrikuse kalmule. Kokkusaamine kell 9.15 Pauluse kalmistu tagumise v\u00e4rava juures 10.00-10.10 Avas\u00f5nad (T\u00f5nno Jonuks, Kristi Metste) 10.10-10.40 Sirje Olesk, Rutt Hinrikuse elut\u00f6\u00f6st EKLA-s. Kirjanduslooline osa [&hellip;]\" \/>\n<meta property=\"og:url\" content=\"https:\/\/galerii.kirmus.ee\/elulood\/2026\/04\/28\/7-mail-toimub-eesti-kirjandusmuuseumis-konverents-\ud835\udc0d\ud835\udc1a\ud835\udc22\ud835\udc2c\ud835\udc1e\ud835\udc1d-\ud835\udc1e\ud835\udc25\ud835\udc2e\ud835\udc25\ud835\udc28\/\" \/>\n<meta property=\"og:site_name\" content=\"\u00dchendus Eesti Elulood\" \/>\n<meta property=\"article:publisher\" content=\"https:\/\/www.facebook.com\/eestielulood\/\" \/>\n<meta property=\"article:published_time\" content=\"2026-04-28T06:00:08+00:00\" \/>\n<meta property=\"article:modified_time\" content=\"2026-04-28T06:03:18+00:00\" \/>\n<meta property=\"og:image\" content=\"https:\/\/galerii.kirmus.ee\/elulood\/wp-content\/uploads\/2026\/04\/680996623_1457646092832566_1873799717334819466_n-1024x536.jpg\" \/>\n<meta name=\"twitter:card\" content=\"summary_large_image\" \/>\n<script type=\"application\/ld+json\" class=\"yoast-schema-graph\">{\"@context\":\"https:\/\/schema.org\",\"@graph\":[{\"@type\":\"Organization\",\"@id\":\"https:\/\/galerii.kirmus.ee\/elulood\/#organization\",\"name\":\"\\u00dchendus Eesti Elulood\",\"url\":\"https:\/\/galerii.kirmus.ee\/elulood\/\",\"sameAs\":[\"https:\/\/www.facebook.com\/eestielulood\/\"],\"logo\":{\"@type\":\"ImageObject\",\"@id\":\"https:\/\/galerii.kirmus.ee\/elulood\/#logo\",\"inLanguage\":\"en-US\",\"url\":\"https:\/\/galerii.kirmus.ee\/elulood\/wp-content\/uploads\/2020\/02\/Kirjandusmuuseum_logo@2x.png\",\"width\":598,\"height\":161,\"caption\":\"\\u00dchendus Eesti Elulood\"},\"image\":{\"@id\":\"https:\/\/galerii.kirmus.ee\/elulood\/#logo\"}},{\"@type\":\"WebSite\",\"@id\":\"https:\/\/galerii.kirmus.ee\/elulood\/#website\",\"url\":\"https:\/\/galerii.kirmus.ee\/elulood\/\",\"name\":\"\\u00dchendus Eesti Elulood\",\"description\":\"\\u00dchendus Eesti Elulood - Elulugu on midagi \\u00f5rna ja intiimset, soov avalikustada on tavaliselt lahutamatu varjamise soovist\",\"publisher\":{\"@id\":\"https:\/\/galerii.kirmus.ee\/elulood\/#organization\"},\"potentialAction\":[{\"@type\":\"SearchAction\",\"target\":\"https:\/\/galerii.kirmus.ee\/elulood\/?s={search_term_string}\",\"query-input\":\"required name=search_term_string\"}],\"inLanguage\":\"en-US\"},{\"@type\":\"ImageObject\",\"@id\":\"https:\/\/galerii.kirmus.ee\/elulood\/2026\/04\/28\/7-mail-toimub-eesti-kirjandusmuuseumis-konverents-%f0%9d%90%8d%f0%9d%90%9a%f0%9d%90%a2%f0%9d%90%ac%f0%9d%90%9e%f0%9d%90%9d-%f0%9d%90%9e%f0%9d%90%a5%f0%9d%90%ae%f0%9d%90%a5%f0%9d%90%a8\/#primaryimage\",\"inLanguage\":\"en-US\",\"url\":\"https:\/\/galerii.kirmus.ee\/elulood\/wp-content\/uploads\/2026\/04\/680996623_1457646092832566_1873799717334819466_n.jpg\",\"width\":1920,\"height\":1005},{\"@type\":\"WebPage\",\"@id\":\"https:\/\/galerii.kirmus.ee\/elulood\/2026\/04\/28\/7-mail-toimub-eesti-kirjandusmuuseumis-konverents-%f0%9d%90%8d%f0%9d%90%9a%f0%9d%90%a2%f0%9d%90%ac%f0%9d%90%9e%f0%9d%90%9d-%f0%9d%90%9e%f0%9d%90%a5%f0%9d%90%ae%f0%9d%90%a5%f0%9d%90%a8\/#webpage\",\"url\":\"https:\/\/galerii.kirmus.ee\/elulood\/2026\/04\/28\/7-mail-toimub-eesti-kirjandusmuuseumis-konverents-%f0%9d%90%8d%f0%9d%90%9a%f0%9d%90%a2%f0%9d%90%ac%f0%9d%90%9e%f0%9d%90%9d-%f0%9d%90%9e%f0%9d%90%a5%f0%9d%90%ae%f0%9d%90%a5%f0%9d%90%a8\/\",\"name\":\"7. mail toimub Eesti Kirjandusmuuseumis konverents \\u201e\\ud835\\udc0d\\ud835\\udc1a\\ud835\\udc22\\ud835\\udc2c\\ud835\\udc1e\\ud835\\udc1d \\ud835\\udc1e\\ud835\\udc25\\ud835\\udc2e\\ud835\\udc25\\ud835\\udc28\\ud835\\udc28\\ud835\\udc24\\ud835\\udc22\\ud835\\udc2b\\ud835\\udc23\\ud835\\udc2e\\ud835\\udc2d\\ud835\\udc2e\\ud835\\udc2c\\ud835\\udc1e \\ud835\\udc23\\ud835\\udc1a \\ud835\\udc24\\ud835\\udc22\\ud835\\udc2b\\ud835\\udc23\\ud835\\udc1a\\ud835\\udc27\\ud835\\udc1d\\ud835\\udc2e\\ud835\\udc2c\\ud835\\udc1e \\ud835\\udc29\\ud835\\udc1e\\ud835\\udc1e\\ud835\\udc20\\ud835\\udc25\\ud835\\udc22\\ud835\\udc2c\\u201c &ndash; \\u00dchendus Eesti Elulood\",\"isPartOf\":{\"@id\":\"https:\/\/galerii.kirmus.ee\/elulood\/#website\"},\"primaryImageOfPage\":{\"@id\":\"https:\/\/galerii.kirmus.ee\/elulood\/2026\/04\/28\/7-mail-toimub-eesti-kirjandusmuuseumis-konverents-%f0%9d%90%8d%f0%9d%90%9a%f0%9d%90%a2%f0%9d%90%ac%f0%9d%90%9e%f0%9d%90%9d-%f0%9d%90%9e%f0%9d%90%a5%f0%9d%90%ae%f0%9d%90%a5%f0%9d%90%a8\/#primaryimage\"},\"datePublished\":\"2026-04-28T06:00:08+00:00\",\"dateModified\":\"2026-04-28T06:03:18+00:00\",\"inLanguage\":\"en-US\",\"potentialAction\":[{\"@type\":\"ReadAction\",\"target\":[\"https:\/\/galerii.kirmus.ee\/elulood\/2026\/04\/28\/7-mail-toimub-eesti-kirjandusmuuseumis-konverents-%f0%9d%90%8d%f0%9d%90%9a%f0%9d%90%a2%f0%9d%90%ac%f0%9d%90%9e%f0%9d%90%9d-%f0%9d%90%9e%f0%9d%90%a5%f0%9d%90%ae%f0%9d%90%a5%f0%9d%90%a8\/\"]}]},{\"@type\":\"Article\",\"@id\":\"https:\/\/galerii.kirmus.ee\/elulood\/2026\/04\/28\/7-mail-toimub-eesti-kirjandusmuuseumis-konverents-%f0%9d%90%8d%f0%9d%90%9a%f0%9d%90%a2%f0%9d%90%ac%f0%9d%90%9e%f0%9d%90%9d-%f0%9d%90%9e%f0%9d%90%a5%f0%9d%90%ae%f0%9d%90%a5%f0%9d%90%a8\/#article\",\"isPartOf\":{\"@id\":\"https:\/\/galerii.kirmus.ee\/elulood\/2026\/04\/28\/7-mail-toimub-eesti-kirjandusmuuseumis-konverents-%f0%9d%90%8d%f0%9d%90%9a%f0%9d%90%a2%f0%9d%90%ac%f0%9d%90%9e%f0%9d%90%9d-%f0%9d%90%9e%f0%9d%90%a5%f0%9d%90%ae%f0%9d%90%a5%f0%9d%90%a8\/#webpage\"},\"author\":{\"@id\":\"https:\/\/galerii.kirmus.ee\/elulood\/#\/schema\/person\/0eeae27d7cec872b33b094ad44e6ba63\"},\"headline\":\"7. mail toimub Eesti Kirjandusmuuseumis konverents \\u201e\\ud835\\udc0d\\ud835\\udc1a\\ud835\\udc22\\ud835\\udc2c\\ud835\\udc1e\\ud835\\udc1d \\ud835\\udc1e\\ud835\\udc25\\ud835\\udc2e\\ud835\\udc25\\ud835\\udc28\\ud835\\udc28\\ud835\\udc24\\ud835\\udc22\\ud835\\udc2b\\ud835\\udc23\\ud835\\udc2e\\ud835\\udc2d\\ud835\\udc2e\\ud835\\udc2c\\ud835\\udc1e \\ud835\\udc23\\ud835\\udc1a \\ud835\\udc24\\ud835\\udc22\\ud835\\udc2b\\ud835\\udc23\\ud835\\udc1a\\ud835\\udc27\\ud835\\udc1d\\ud835\\udc2e\\ud835\\udc2c\\ud835\\udc1e \\ud835\\udc29\\ud835\\udc1e\\ud835\\udc1e\\ud835\\udc20\\ud835\\udc25\\ud835\\udc22\\ud835\\udc2c\\u201c\",\"datePublished\":\"2026-04-28T06:00:08+00:00\",\"dateModified\":\"2026-04-28T06:03:18+00:00\",\"commentCount\":0,\"mainEntityOfPage\":{\"@id\":\"https:\/\/galerii.kirmus.ee\/elulood\/2026\/04\/28\/7-mail-toimub-eesti-kirjandusmuuseumis-konverents-%f0%9d%90%8d%f0%9d%90%9a%f0%9d%90%a2%f0%9d%90%ac%f0%9d%90%9e%f0%9d%90%9d-%f0%9d%90%9e%f0%9d%90%a5%f0%9d%90%ae%f0%9d%90%a5%f0%9d%90%a8\/#webpage\"},\"publisher\":{\"@id\":\"https:\/\/galerii.kirmus.ee\/elulood\/#organization\"},\"image\":{\"@id\":\"https:\/\/galerii.kirmus.ee\/elulood\/2026\/04\/28\/7-mail-toimub-eesti-kirjandusmuuseumis-konverents-%f0%9d%90%8d%f0%9d%90%9a%f0%9d%90%a2%f0%9d%90%ac%f0%9d%90%9e%f0%9d%90%9d-%f0%9d%90%9e%f0%9d%90%a5%f0%9d%90%ae%f0%9d%90%a5%f0%9d%90%a8\/#primaryimage\"},\"articleSection\":\"P\\u00e4evakorras\",\"inLanguage\":\"en-US\",\"potentialAction\":[{\"@type\":\"CommentAction\",\"name\":\"Comment\",\"target\":[\"https:\/\/galerii.kirmus.ee\/elulood\/2026\/04\/28\/7-mail-toimub-eesti-kirjandusmuuseumis-konverents-%f0%9d%90%8d%f0%9d%90%9a%f0%9d%90%a2%f0%9d%90%ac%f0%9d%90%9e%f0%9d%90%9d-%f0%9d%90%9e%f0%9d%90%a5%f0%9d%90%ae%f0%9d%90%a5%f0%9d%90%a8\/#respond\"]}]},{\"@type\":[\"Person\"],\"@id\":\"https:\/\/galerii.kirmus.ee\/elulood\/#\/schema\/person\/0eeae27d7cec872b33b094ad44e6ba63\",\"name\":\"karmen\",\"image\":{\"@type\":\"ImageObject\",\"@id\":\"https:\/\/galerii.kirmus.ee\/elulood\/#personlogo\",\"inLanguage\":\"en-US\",\"url\":\"https:\/\/secure.gravatar.com\/avatar\/01e4c68bb307750944c38393745eedf4?s=96&d=mm&r=g\",\"caption\":\"karmen\"}}]}<\/script>\n<!-- \/ Yoast SEO plugin. -->","_links":{"self":[{"href":"https:\/\/galerii.kirmus.ee\/elulood\/wp-json\/wp\/v2\/posts\/718"}],"collection":[{"href":"https:\/\/galerii.kirmus.ee\/elulood\/wp-json\/wp\/v2\/posts"}],"about":[{"href":"https:\/\/galerii.kirmus.ee\/elulood\/wp-json\/wp\/v2\/types\/post"}],"author":[{"embeddable":true,"href":"https:\/\/galerii.kirmus.ee\/elulood\/wp-json\/wp\/v2\/users\/9"}],"replies":[{"embeddable":true,"href":"https:\/\/galerii.kirmus.ee\/elulood\/wp-json\/wp\/v2\/comments?post=718"}],"version-history":[{"count":2,"href":"https:\/\/galerii.kirmus.ee\/elulood\/wp-json\/wp\/v2\/posts\/718\/revisions"}],"predecessor-version":[{"id":721,"href":"https:\/\/galerii.kirmus.ee\/elulood\/wp-json\/wp\/v2\/posts\/718\/revisions\/721"}],"wp:attachment":[{"href":"https:\/\/galerii.kirmus.ee\/elulood\/wp-json\/wp\/v2\/media?parent=718"}],"wp:term":[{"taxonomy":"category","embeddable":true,"href":"https:\/\/galerii.kirmus.ee\/elulood\/wp-json\/wp\/v2\/categories?post=718"},{"taxonomy":"post_tag","embeddable":true,"href":"https:\/\/galerii.kirmus.ee\/elulood\/wp-json\/wp\/v2\/tags?post=718"}],"curies":[{"name":"wp","href":"https:\/\/api.w.org\/{rel}","templated":true}]}}