{"id":643,"date":"2025-10-15T05:01:59","date_gmt":"2025-10-15T05:01:59","guid":{"rendered":"https:\/\/galerii.kirmus.ee\/elulood\/?p=643"},"modified":"2025-10-16T05:31:11","modified_gmt":"2025-10-16T05:31:11","slug":"uhendus-eesti-elulood-koostoos-eelk-noo-puha-laurentsiuse-kogudusega-kuulutab-valja-kogumisvoistluse-lauluraamatu-lood","status":"publish","type":"post","link":"https:\/\/galerii.kirmus.ee\/elulood\/2025\/10\/15\/uhendus-eesti-elulood-koostoos-eelk-noo-puha-laurentsiuse-kogudusega-kuulutab-valja-kogumisvoistluse-lauluraamatu-lood\/","title":{"rendered":"\u00dchendus Eesti Elulood koost\u00f6\u00f6s EELK N\u00f5o P\u00fcha Laurentsiuse kogudusega kuulutab v\u00e4lja kogumisv\u00f5istluse \u201eLauluraamatu lood\u201c"},"content":{"rendered":"\n<p>\u00dchendus Eesti Elulood koost\u00f6\u00f6s EELK N\u00f5o P\u00fcha Laurentsiuse kogudusega kuulutab v\u00e4lja kogumisv\u00f5istluse <strong>\u201eLauluraamatu lood\u201c<\/strong> talletamaks luterliku lauluraamatu m\u00f5ju eesti kultuurile ja inimestele.<\/p>\n\n\n\n<p>Oleme huvitatud Jakob Hurda toimetatud, 1899. aastal v\u00e4lja antud \u201eUue lauluraamatuga\u201c seotud m\u00e4lestustest. Rohkete kordustr\u00fckkide t\u00f5ttu (kuni 1958. aastani, viimased tr\u00fckid v\u00e4lismaal) v\u00f5ib \u201eUut lauluraamatut\u201c pidada 20. sajandi esimese poole laiatarbekaubaks. Selle j\u00e4rgi lauldi kirikutes, aga samu laulutekste loeti ka koolides ja kodudes. Sageli saadi \u201eUus lauluraamat\u201c leerikingituseks, millest annavad tunnistust p\u00fchendused tiitellehtedel ja lauluraamatut k\u00e4es hoidvatest leerilastest s\u00e4ilinud fotod.<\/p>\n\n\n\n<p>Kui 20. sajandi algusk\u00fcmnenditel oli eestlastele kirikuelus osalemine veel laiemalt omane, siis N\u00f5ukogude okupatsioonire\u017eiim l\u00f5hkus eesm\u00e4rgikindlalt eestlaste sidet luterliku traditsiooniga ning lauluraamatud kaotasid oma \u00fchiskondliku t\u00e4htsuse. Sellele vaatamata v\u00f5ib Eesti peredes olla tallel esivanemate m\u00e4lestuseks hoitavaid lauluraamatuid, millega on seotud p\u00e4rimuslikud lood. M\u00e4lestuste kogumise algatus l\u00e4htub lootusest, et pole veel hilja koguda lauluraamatutega seotud lugusid.<\/p>\n\n\n\n<p><strong>Lauluraamatum\u00e4lestuse kirjutamisel v\u00f5ite l\u00e4htuda j\u00e4rgmistest k\u00fcsimustest, soovi korral valikuliselt:<\/strong><\/p>\n\n\n\n<ol class=\"wp-block-list\">\n<li>Palun kirjeldage oma lauluraamatut.<\/li>\n\n\n\n<li>Kellele lauluraamat on kuulunud?<\/li>\n\n\n\n<li>Kas on teada raamatu k\u00e4est k\u00e4tte r\u00e4ndamise lugu?<\/li>\n\n\n\n<li>Kus endine omanik lauluraamatut hoidis, millal ja kuidas kasutas?<\/li>\n\n\n\n<li>Mis on m\u00f5jutanud raamatu kasutamist?<\/li>\n\n\n\n<li>Kui raamatuga on seotud m\u00f5ni lugu, siis palun jutustage.<\/li>\n\n\n\n<li>Millal ja kuidas praegune omanik raamatu endale sai?<\/li>\n\n\n\n<li>Mida lauluraamat t\u00e4hendab praegusele omanikule?<\/li>\n\n\n\n<li>Kui olete endale saanud ebaselget p\u00e4ritolu lauluraamatuid annetamise, kinkimise v\u00f5i ostmise k\u00e4igus, siis palun kirjeldage, kuidas ja millal olete need omandanud ning mida olete nendega teinud ja miks. Kas nende v\u00e4\u00e4rtus on ajaga muutunud ning milles seisneb see t\u00e4nap\u00e4eval?<\/li>\n\n\n\n<li>&nbsp;Kui olete lauluraamatutega kokku puutunud muul moel kui omanikuna, siis palun jagage oma m\u00e4lestusi ja t\u00e4helepanekuid. V\u00f5ite kirjutada, kus ja millal olete lauluraamatutega kokku puutunud, kes on neid kasutanud ja kuidas, millist suhtumist lauluraamatutesse olete m\u00e4rganud ning mida sellest arvate. V\u00f5ite jutustada oma loo vabas vormis.&nbsp;<\/li>\n<\/ol>\n\n\n\n<p>Ootame kaast\u00f6id 15. m\u00e4rtsini 2026 aadressile: elulood@kirmus.ee v\u00f5i Eesti Kirjandusmuuseumi Eesti Kultuuriloolisse Arhiivi aadressile Vanemuise 42, 51003 Tartu.<\/p>\n\n\n\n<p>Kirjale palume lisada m\u00e4rks\u00f5na \u201eLauluraamat\u201c.<\/p>\n\n\n\n<p>Parimaid t\u00f6id autasustatakse.<\/p>\n\n\n\n<p>Lisainfo: <\/p>\n\n\n\n<p>Maarja Hollo, <a href=\"mailto:maarja.hollo@kirmus.ee\">maarja.hollo@kirmus.ee<\/a><\/p>\n\n\n\n<p>EELK N\u00f5o P\u00fcha Laurentsiuse kogudus, <a href=\"mailto:noo@eelk.ee\">noo@eelk.ee<\/a><\/p>\n\n\n<div class=\"wp-block-image\">\n<figure class=\"aligncenter size-large\"><img fetchpriority=\"high\" decoding=\"async\" width=\"724\" height=\"1024\" src=\"https:\/\/galerii.kirmus.ee\/elulood\/wp-content\/uploads\/2025\/10\/Lauluraamatu-lood-1-724x1024.jpg\" alt=\"\" class=\"wp-image-650\" srcset=\"https:\/\/galerii.kirmus.ee\/elulood\/wp-content\/uploads\/2025\/10\/Lauluraamatu-lood-1-724x1024.jpg 724w, https:\/\/galerii.kirmus.ee\/elulood\/wp-content\/uploads\/2025\/10\/Lauluraamatu-lood-1-212x300.jpg 212w, https:\/\/galerii.kirmus.ee\/elulood\/wp-content\/uploads\/2025\/10\/Lauluraamatu-lood-1-768x1086.jpg 768w, https:\/\/galerii.kirmus.ee\/elulood\/wp-content\/uploads\/2025\/10\/Lauluraamatu-lood-1-1086x1536.jpg 1086w, https:\/\/galerii.kirmus.ee\/elulood\/wp-content\/uploads\/2025\/10\/Lauluraamatu-lood-1.jpg 1414w\" sizes=\"(max-width: 724px) 100vw, 724px\" \/><\/figure><\/div>","protected":false},"excerpt":{"rendered":"<p>\u00dchendus Eesti Elulood koost\u00f6\u00f6s EELK N\u00f5o P\u00fcha Laurentsiuse kogudusega kuulutab v\u00e4lja kogumisv\u00f5istluse \u201eLauluraamatu lood\u201c talletamaks luterliku lauluraamatu m\u00f5ju eesti kultuurile ja inimestele. Oleme huvitatud Jakob Hurda toimetatud, 1899. aastal v\u00e4lja antud \u201eUue lauluraamatuga\u201c seotud m\u00e4lestustest. Rohkete kordustr\u00fckkide t\u00f5ttu (kuni 1958. aastani, viimased tr\u00fckid v\u00e4lismaal) v\u00f5ib \u201eUut lauluraamatut\u201c pidada 20. sajandi esimese poole laiatarbekaubaks. Selle j\u00e4rgi [&hellip;]<\/p>\n","protected":false},"author":9,"featured_media":644,"comment_status":"open","ping_status":"open","sticky":false,"template":"","format":"standard","meta":{"footnotes":""},"categories":[4],"tags":[],"class_list":["post-643","post","type-post","status-publish","format-standard","has-post-thumbnail","hentry","category-paevakorras"],"yoast_head":"<!-- This site is optimized with the Yoast SEO plugin v14.2 - https:\/\/yoast.com\/wordpress\/plugins\/seo\/ -->\n<meta name=\"robots\" content=\"index, follow\" \/>\n<meta name=\"googlebot\" content=\"index, follow, max-snippet:-1, max-image-preview:large, max-video-preview:-1\" \/>\n<meta name=\"bingbot\" content=\"index, follow, max-snippet:-1, max-image-preview:large, max-video-preview:-1\" \/>\n<link rel=\"canonical\" href=\"https:\/\/galerii.kirmus.ee\/elulood\/2025\/10\/15\/uhendus-eesti-elulood-koostoos-eelk-noo-puha-laurentsiuse-kogudusega-kuulutab-valja-kogumisvoistluse-lauluraamatu-lood\/\" \/>\n<meta property=\"og:locale\" content=\"en_US\" \/>\n<meta property=\"og:type\" content=\"article\" \/>\n<meta property=\"og:title\" content=\"\u00dchendus Eesti Elulood koost\u00f6\u00f6s EELK N\u00f5o P\u00fcha Laurentsiuse kogudusega kuulutab v\u00e4lja kogumisv\u00f5istluse \u201eLauluraamatu lood\u201c &ndash; \u00dchendus Eesti Elulood\" \/>\n<meta property=\"og:description\" content=\"\u00dchendus Eesti Elulood koost\u00f6\u00f6s EELK N\u00f5o P\u00fcha Laurentsiuse kogudusega kuulutab v\u00e4lja kogumisv\u00f5istluse \u201eLauluraamatu lood\u201c talletamaks luterliku lauluraamatu m\u00f5ju eesti kultuurile ja inimestele. Oleme huvitatud Jakob Hurda toimetatud, 1899. aastal v\u00e4lja antud \u201eUue lauluraamatuga\u201c seotud m\u00e4lestustest. Rohkete kordustr\u00fckkide t\u00f5ttu (kuni 1958. aastani, viimased tr\u00fckid v\u00e4lismaal) v\u00f5ib \u201eUut lauluraamatut\u201c pidada 20. sajandi esimese poole laiatarbekaubaks. Selle j\u00e4rgi [&hellip;]\" \/>\n<meta property=\"og:url\" content=\"https:\/\/galerii.kirmus.ee\/elulood\/2025\/10\/15\/uhendus-eesti-elulood-koostoos-eelk-noo-puha-laurentsiuse-kogudusega-kuulutab-valja-kogumisvoistluse-lauluraamatu-lood\/\" \/>\n<meta property=\"og:site_name\" content=\"\u00dchendus Eesti Elulood\" \/>\n<meta property=\"article:publisher\" content=\"https:\/\/www.facebook.com\/eestielulood\/\" \/>\n<meta property=\"article:published_time\" content=\"2025-10-15T05:01:59+00:00\" \/>\n<meta property=\"article:modified_time\" content=\"2025-10-16T05:31:11+00:00\" \/>\n<meta property=\"og:image\" content=\"https:\/\/galerii.kirmus.ee\/elulood\/wp-content\/uploads\/2025\/10\/Lauluraamatu-lood.jpg\" \/>\n\t<meta property=\"og:image:width\" content=\"1414\" \/>\n\t<meta property=\"og:image:height\" content=\"2000\" \/>\n<meta name=\"twitter:card\" content=\"summary_large_image\" \/>\n<script type=\"application\/ld+json\" class=\"yoast-schema-graph\">{\"@context\":\"https:\/\/schema.org\",\"@graph\":[{\"@type\":\"Organization\",\"@id\":\"https:\/\/galerii.kirmus.ee\/elulood\/#organization\",\"name\":\"\\u00dchendus Eesti Elulood\",\"url\":\"https:\/\/galerii.kirmus.ee\/elulood\/\",\"sameAs\":[\"https:\/\/www.facebook.com\/eestielulood\/\"],\"logo\":{\"@type\":\"ImageObject\",\"@id\":\"https:\/\/galerii.kirmus.ee\/elulood\/#logo\",\"inLanguage\":\"en-US\",\"url\":\"https:\/\/galerii.kirmus.ee\/elulood\/wp-content\/uploads\/2020\/02\/Kirjandusmuuseum_logo@2x.png\",\"width\":598,\"height\":161,\"caption\":\"\\u00dchendus Eesti Elulood\"},\"image\":{\"@id\":\"https:\/\/galerii.kirmus.ee\/elulood\/#logo\"}},{\"@type\":\"WebSite\",\"@id\":\"https:\/\/galerii.kirmus.ee\/elulood\/#website\",\"url\":\"https:\/\/galerii.kirmus.ee\/elulood\/\",\"name\":\"\\u00dchendus Eesti Elulood\",\"description\":\"\\u00dchendus Eesti Elulood - Elulugu on midagi \\u00f5rna ja intiimset, soov avalikustada on tavaliselt lahutamatu varjamise soovist\",\"publisher\":{\"@id\":\"https:\/\/galerii.kirmus.ee\/elulood\/#organization\"},\"potentialAction\":[{\"@type\":\"SearchAction\",\"target\":\"https:\/\/galerii.kirmus.ee\/elulood\/?s={search_term_string}\",\"query-input\":\"required name=search_term_string\"}],\"inLanguage\":\"en-US\"},{\"@type\":\"ImageObject\",\"@id\":\"https:\/\/galerii.kirmus.ee\/elulood\/2025\/10\/15\/uhendus-eesti-elulood-koostoos-eelk-noo-puha-laurentsiuse-kogudusega-kuulutab-valja-kogumisvoistluse-lauluraamatu-lood\/#primaryimage\",\"inLanguage\":\"en-US\",\"url\":\"https:\/\/galerii.kirmus.ee\/elulood\/wp-content\/uploads\/2025\/10\/Lauluraamatu-lood.jpg\",\"width\":1414,\"height\":2000},{\"@type\":\"WebPage\",\"@id\":\"https:\/\/galerii.kirmus.ee\/elulood\/2025\/10\/15\/uhendus-eesti-elulood-koostoos-eelk-noo-puha-laurentsiuse-kogudusega-kuulutab-valja-kogumisvoistluse-lauluraamatu-lood\/#webpage\",\"url\":\"https:\/\/galerii.kirmus.ee\/elulood\/2025\/10\/15\/uhendus-eesti-elulood-koostoos-eelk-noo-puha-laurentsiuse-kogudusega-kuulutab-valja-kogumisvoistluse-lauluraamatu-lood\/\",\"name\":\"\\u00dchendus Eesti Elulood koost\\u00f6\\u00f6s EELK N\\u00f5o P\\u00fcha Laurentsiuse kogudusega kuulutab v\\u00e4lja kogumisv\\u00f5istluse \\u201eLauluraamatu lood\\u201c &ndash; \\u00dchendus Eesti Elulood\",\"isPartOf\":{\"@id\":\"https:\/\/galerii.kirmus.ee\/elulood\/#website\"},\"primaryImageOfPage\":{\"@id\":\"https:\/\/galerii.kirmus.ee\/elulood\/2025\/10\/15\/uhendus-eesti-elulood-koostoos-eelk-noo-puha-laurentsiuse-kogudusega-kuulutab-valja-kogumisvoistluse-lauluraamatu-lood\/#primaryimage\"},\"datePublished\":\"2025-10-15T05:01:59+00:00\",\"dateModified\":\"2025-10-16T05:31:11+00:00\",\"inLanguage\":\"en-US\",\"potentialAction\":[{\"@type\":\"ReadAction\",\"target\":[\"https:\/\/galerii.kirmus.ee\/elulood\/2025\/10\/15\/uhendus-eesti-elulood-koostoos-eelk-noo-puha-laurentsiuse-kogudusega-kuulutab-valja-kogumisvoistluse-lauluraamatu-lood\/\"]}]},{\"@type\":\"Article\",\"@id\":\"https:\/\/galerii.kirmus.ee\/elulood\/2025\/10\/15\/uhendus-eesti-elulood-koostoos-eelk-noo-puha-laurentsiuse-kogudusega-kuulutab-valja-kogumisvoistluse-lauluraamatu-lood\/#article\",\"isPartOf\":{\"@id\":\"https:\/\/galerii.kirmus.ee\/elulood\/2025\/10\/15\/uhendus-eesti-elulood-koostoos-eelk-noo-puha-laurentsiuse-kogudusega-kuulutab-valja-kogumisvoistluse-lauluraamatu-lood\/#webpage\"},\"author\":{\"@id\":\"https:\/\/galerii.kirmus.ee\/elulood\/#\/schema\/person\/0eeae27d7cec872b33b094ad44e6ba63\"},\"headline\":\"\\u00dchendus Eesti Elulood koost\\u00f6\\u00f6s EELK N\\u00f5o P\\u00fcha Laurentsiuse kogudusega kuulutab v\\u00e4lja kogumisv\\u00f5istluse \\u201eLauluraamatu lood\\u201c\",\"datePublished\":\"2025-10-15T05:01:59+00:00\",\"dateModified\":\"2025-10-16T05:31:11+00:00\",\"commentCount\":0,\"mainEntityOfPage\":{\"@id\":\"https:\/\/galerii.kirmus.ee\/elulood\/2025\/10\/15\/uhendus-eesti-elulood-koostoos-eelk-noo-puha-laurentsiuse-kogudusega-kuulutab-valja-kogumisvoistluse-lauluraamatu-lood\/#webpage\"},\"publisher\":{\"@id\":\"https:\/\/galerii.kirmus.ee\/elulood\/#organization\"},\"image\":{\"@id\":\"https:\/\/galerii.kirmus.ee\/elulood\/2025\/10\/15\/uhendus-eesti-elulood-koostoos-eelk-noo-puha-laurentsiuse-kogudusega-kuulutab-valja-kogumisvoistluse-lauluraamatu-lood\/#primaryimage\"},\"articleSection\":\"P\\u00e4evakorras\",\"inLanguage\":\"en-US\",\"potentialAction\":[{\"@type\":\"CommentAction\",\"name\":\"Comment\",\"target\":[\"https:\/\/galerii.kirmus.ee\/elulood\/2025\/10\/15\/uhendus-eesti-elulood-koostoos-eelk-noo-puha-laurentsiuse-kogudusega-kuulutab-valja-kogumisvoistluse-lauluraamatu-lood\/#respond\"]}]},{\"@type\":[\"Person\"],\"@id\":\"https:\/\/galerii.kirmus.ee\/elulood\/#\/schema\/person\/0eeae27d7cec872b33b094ad44e6ba63\",\"name\":\"karmen\",\"image\":{\"@type\":\"ImageObject\",\"@id\":\"https:\/\/galerii.kirmus.ee\/elulood\/#personlogo\",\"inLanguage\":\"en-US\",\"url\":\"https:\/\/secure.gravatar.com\/avatar\/01e4c68bb307750944c38393745eedf4?s=96&d=mm&r=g\",\"caption\":\"karmen\"}}]}<\/script>\n<!-- \/ Yoast SEO plugin. -->","_links":{"self":[{"href":"https:\/\/galerii.kirmus.ee\/elulood\/wp-json\/wp\/v2\/posts\/643"}],"collection":[{"href":"https:\/\/galerii.kirmus.ee\/elulood\/wp-json\/wp\/v2\/posts"}],"about":[{"href":"https:\/\/galerii.kirmus.ee\/elulood\/wp-json\/wp\/v2\/types\/post"}],"author":[{"embeddable":true,"href":"https:\/\/galerii.kirmus.ee\/elulood\/wp-json\/wp\/v2\/users\/9"}],"replies":[{"embeddable":true,"href":"https:\/\/galerii.kirmus.ee\/elulood\/wp-json\/wp\/v2\/comments?post=643"}],"version-history":[{"count":4,"href":"https:\/\/galerii.kirmus.ee\/elulood\/wp-json\/wp\/v2\/posts\/643\/revisions"}],"predecessor-version":[{"id":653,"href":"https:\/\/galerii.kirmus.ee\/elulood\/wp-json\/wp\/v2\/posts\/643\/revisions\/653"}],"wp:featuredmedia":[{"embeddable":true,"href":"https:\/\/galerii.kirmus.ee\/elulood\/wp-json\/wp\/v2\/media\/644"}],"wp:attachment":[{"href":"https:\/\/galerii.kirmus.ee\/elulood\/wp-json\/wp\/v2\/media?parent=643"}],"wp:term":[{"taxonomy":"category","embeddable":true,"href":"https:\/\/galerii.kirmus.ee\/elulood\/wp-json\/wp\/v2\/categories?post=643"},{"taxonomy":"post_tag","embeddable":true,"href":"https:\/\/galerii.kirmus.ee\/elulood\/wp-json\/wp\/v2\/tags?post=643"}],"curies":[{"name":"wp","href":"https:\/\/api.w.org\/{rel}","templated":true}]}}